{"id":1,"date":"2013-01-02T22:01:13","date_gmt":"2013-01-02T21:01:13","guid":{"rendered":"http:\/\/sonneneck-luebben.de\/?p=1"},"modified":"2023-04-29T15:13:20","modified_gmt":"2023-04-29T13:13:20","slug":"hallo-welt","status":"publish","type":"post","link":"http:\/\/sonneneck-luebben.de\/?p=1","title":{"rendered":"Herzlich willkommen auf der Internetseite des Kleingartenvereins &#8222;Sonneneck&#8220; e. V.!"},"content":{"rendered":"<p style=\"text-align: left;\">Unser Kleingartenverein liegt unmittelbar vor den Toren der Spreewaldstadt L\u00fcbben an der Bundesstra\u00dfe 115. Unser Kleingartenverein &#8222;Sonneneck&#8220; e. V. geh\u00f6rt zum Kreisverband der Garten- und Siedlerfreunde e. V. im Landkreis Dahme Spreewald.<\/p>\n<p>Hier m\u00f6chten wir einen kleinen Einblick in das Vereinsleben geben und unsere Gartensparte vorstellen.<\/p>\n<p>Der Vorstand<\/p>\n","protected":false},"excerpt":{"rendered":"<p>Unser Kleingartenverein liegt unmittelbar vor den Toren der Spreewaldstadt L\u00fcbben an der Bundesstra\u00dfe 115. Unser Kleingartenverein &#8222;Sonneneck&#8220; e. V. geh\u00f6rt zum Kreisverband der Garten- und Siedlerfreunde e. V. im Landkreis Dahme Spreewald. Hier m\u00f6chten wir einen kleinen Einblick in das &hellip; <a href=\"http:\/\/sonneneck-luebben.de\/?p=1\">Continue reading <span class=\"meta-nav\">&rarr;<\/span><\/a><\/p>\n","protected":false},"author":1,"featured_media":0,"comment_status":"open","ping_status":"open","sticky":false,"template":"","format":"standard","meta":[],"categories":[1],"tags":[],"_links":{"self":[{"href":"http:\/\/sonneneck-luebben.de\/index.php?rest_route=\/wp\/v2\/posts\/1"}],"collection":[{"href":"http:\/\/sonneneck-luebben.de\/index.php?rest_route=\/wp\/v2\/posts"}],"about":[{"href":"http:\/\/sonneneck-luebben.de\/index.php?rest_route=\/wp\/v2\/types\/post"}],"author":[{"embeddable":true,"href":"http:\/\/sonneneck-luebben.de\/index.php?rest_route=\/wp\/v2\/users\/1"}],"replies":[{"embeddable":true,"href":"http:\/\/sonneneck-luebben.de\/index.php?rest_route=%2Fwp%2Fv2%2Fcomments&post=1"}],"version-history":[{"count":21,"href":"http:\/\/sonneneck-luebben.de\/index.php?rest_route=\/wp\/v2\/posts\/1\/revisions"}],"predecessor-version":[{"id":1414,"href":"http:\/\/sonneneck-luebben.de\/index.php?rest_route=\/wp\/v2\/posts\/1\/revisions\/1414"}],"wp:attachment":[{"href":"http:\/\/sonneneck-luebben.de\/index.php?rest_route=%2Fwp%2Fv2%2Fmedia&parent=1"}],"wp:term":[{"taxonomy":"category","embeddable":true,"href":"http:\/\/sonneneck-luebben.de\/index.php?rest_route=%2Fwp%2Fv2%2Fcategories&post=1"},{"taxonomy":"post_tag","embeddable":true,"href":"http:\/\/sonneneck-luebben.de\/index.php?rest_route=%2Fwp%2Fv2%2Ftags&post=1"}],"curies":[{"name":"wp","href":"https:\/\/api.w.org\/{rel}","templated":true}]}}